{"id":3271,"date":"2025-11-20T08:59:36","date_gmt":"2025-11-20T06:59:36","guid":{"rendered":"https:\/\/www.nha.hockey\/?p=3271"},"modified":"2025-11-20T09:01:43","modified_gmt":"2025-11-20T07:01:43","slug":"nina-paiva-mise-en-lumiere-dans-la-presse-locale","status":"publish","type":"post","link":"https:\/\/www.nha.hockey\/index.php\/2025\/11\/20\/nina-paiva-mise-en-lumiere-dans-la-presse-locale\/","title":{"rendered":"Nina Paiva mise en lumi\u00e8re dans la presse locale\u200b"},"content":{"rendered":"\t\t<div data-elementor-type=\"wp-post\" data-elementor-id=\"3271\" class=\"elementor elementor-3271\">\n\t\t\t\t<div class=\"elementor-element elementor-element-27464608 e-flex e-con-boxed wpr-particle-no wpr-jarallax-no wpr-parallax-no wpr-sticky-section-no wpr-equal-height-no e-con e-parent\" data-id=\"27464608\" data-element_type=\"container\" data-e-type=\"container\">\n\t\t\t\t\t<div class=\"e-con-inner\">\n\t\t\t\t<div class=\"elementor-element elementor-element-268b3f8b elementor-arrows-position-inside elementor-widget elementor-widget-image-carousel\" data-id=\"268b3f8b\" data-element_type=\"widget\" data-e-type=\"widget\" data-settings=\"{&quot;navigation&quot;:&quot;arrows&quot;,&quot;autoplay&quot;:&quot;yes&quot;,&quot;pause_on_hover&quot;:&quot;yes&quot;,&quot;pause_on_interaction&quot;:&quot;yes&quot;,&quot;autoplay_speed&quot;:5000,&quot;infinite&quot;:&quot;yes&quot;,&quot;speed&quot;:500}\" data-widget_type=\"image-carousel.default\">\n\t\t\t\t\t\t\t<div class=\"elementor-image-carousel-wrapper swiper\" role=\"region\" aria-roledescription=\"carousel\" aria-label=\"Carrousel d\u2019images\" dir=\"ltr\">\n\t\t\t<div class=\"elementor-image-carousel swiper-wrapper\" aria-live=\"off\">\n\t\t\t\t\t\t\t\t<div class=\"swiper-slide\" role=\"group\" aria-roledescription=\"slide\" aria-label=\"1 sur 3\"><figure class=\"swiper-slide-inner\"><img decoding=\"async\" class=\"swiper-slide-image\" src=\"https:\/\/www.nha.hockey\/wp-content\/uploads\/2025\/10\/54837084882_dc168aee17_o-768x518.jpg\" alt=\"NHA vs Langenthal_PFWL\" \/><\/figure><\/div><div class=\"swiper-slide\" role=\"group\" aria-roledescription=\"slide\" aria-label=\"2 sur 3\"><figure class=\"swiper-slide-inner\"><img decoding=\"async\" class=\"swiper-slide-image\" src=\"https:\/\/www.nha.hockey\/wp-content\/uploads\/2025\/11\/54883083925_0aaced8844_o-768x518.jpg\" alt=\"Nina Paiva_Gardienne_PFWL_NHA\" \/><\/figure><\/div><div class=\"swiper-slide\" role=\"group\" aria-roledescription=\"slide\" aria-label=\"3 sur 3\"><figure class=\"swiper-slide-inner\"><img decoding=\"async\" class=\"swiper-slide-image\" src=\"https:\/\/www.nha.hockey\/wp-content\/uploads\/2025\/11\/54883084150_1b2ec32f6b_o-768x518.jpg\" alt=\"Nina Paiva_Gardienne_PFWL_NHA\" \/><\/figure><\/div>\t\t\t<\/div>\n\t\t\t\t\t\t\t\t\t\t\t\t<div class=\"elementor-swiper-button elementor-swiper-button-prev\" role=\"button\" tabindex=\"0\">\n\t\t\t\t\t\t<svg aria-hidden=\"true\" class=\"e-font-icon-svg e-eicon-chevron-left\" viewBox=\"0 0 1000 1000\" xmlns=\"http:\/\/www.w3.org\/2000\/svg\"><path d=\"M646 125C629 125 613 133 604 142L308 442C296 454 292 471 292 487 292 504 296 521 308 533L604 854C617 867 629 875 646 875 663 875 679 871 692 858 704 846 713 829 713 812 713 796 708 779 692 767L438 487 692 225C700 217 708 204 708 187 708 171 704 154 692 142 675 129 663 125 646 125Z\"><\/path><\/svg>\t\t\t\t\t<\/div>\n\t\t\t\t\t<div class=\"elementor-swiper-button elementor-swiper-button-next\" role=\"button\" tabindex=\"0\">\n\t\t\t\t\t\t<svg aria-hidden=\"true\" class=\"e-font-icon-svg e-eicon-chevron-right\" viewBox=\"0 0 1000 1000\" xmlns=\"http:\/\/www.w3.org\/2000\/svg\"><path d=\"M696 533C708 521 713 504 713 487 713 471 708 454 696 446L400 146C388 133 375 125 354 125 338 125 325 129 313 142 300 154 292 171 292 187 292 204 296 221 308 233L563 492 304 771C292 783 288 800 288 817 288 833 296 850 308 863 321 871 338 875 354 875 371 875 388 867 400 854L696 533Z\"><\/path><\/svg>\t\t\t\t\t<\/div>\n\t\t\t\t\n\t\t\t\t\t\t\t\t\t<\/div>\n\t\t\t\t\t\t<\/div>\n\t\t\t\t<div class=\"elementor-element elementor-element-31979278 elementor-widget elementor-widget-heading\" data-id=\"31979278\" data-element_type=\"widget\" data-e-type=\"widget\" data-widget_type=\"heading.default\">\n\t\t\t\t\t<h3 class=\"elementor-heading-title elementor-size-default\">Nina Paiva mise en lumi\u00e8re dans la presse locale<\/h3>\t\t\t\t<\/div>\n\t\t\t\t<div class=\"elementor-element elementor-element-e0f2b90 elementor-widget elementor-widget-text-editor\" data-id=\"e0f2b90\" data-element_type=\"widget\" data-e-type=\"widget\" data-widget_type=\"text-editor.default\">\n\t\t\t\t\t\t\t\t\t<p data-start=\"153\" data-end=\"360\">La Neuch\u00e2tel Hockey Academy a r\u00e9cemment eu le plaisir de voir l\u2019une de ses joueuses mises \u00e0 l\u2019honneur dans la presse r\u00e9gionale : <strong data-start=\"282\" data-end=\"312\">notre gardienne Nina Paiva<\/strong> fait l\u2019objet d\u2019un bel article dans <em data-start=\"348\" data-end=\"357\">ArcInfo<\/em>.<\/p><p data-start=\"362\" data-end=\"685\">Dans cette interview, Nina revient sur son r\u00f4le crucial au sein de l\u2019\u00e9quipe, les d\u00e9fis d\u2019une saison exigeante et l\u2019\u00e9tat d\u2019esprit n\u00e9cessaire pour progresser au plus haut niveau. Elle partage \u00e9galement sa vision du poste de gardienne, sa fa\u00e7on de g\u00e9rer la pression et ce que repr\u00e9sente pour elle le parcours actuel de la NHA.<\/p><p data-start=\"687\" data-end=\"865\">Cet article met en lumi\u00e8re <strong data-start=\"714\" data-end=\"765\">son engagement, sa r\u00e9silience et son leadership<\/strong>, valeurs ch\u00e8res \u00e0 notre club et essentielles \u00e0 la construction du hockey f\u00e9minin en Suisse romande.<\/p><p data-start=\"867\" data-end=\"1174\">\ud83d\udc49 <strong data-start=\"870\" data-end=\"886\">\u00c0 lire ici :<\/strong> <em data-start=\"887\" data-end=\"968\">ArcInfo \u2013 \u201cC\u2019est dans une ann\u00e9e comme celle que l\u2019on vit qu\u2019on apprend le plus\u201d<\/em><br data-start=\"968\" data-end=\"971\" \/>(Lien : <a class=\"decorated-link\" href=\"https:\/\/www.arcinfo.ch\/neuchatel-canton\/littoral\/neuchatel-commune\/hockey-sur-glace-cest-dans-une-annee-comme-celle-que-lon-vit-quon-apprend-le-plus-assure-nina-paiva-gardienne-de-la-nha-1476178\" target=\"_new\" rel=\"noopener\" data-start=\"979\" data-end=\"1173\">https:\/\/www.arcinfo.ch\/neuchatel-canton\/littoral\/neuchatel-commune\/hockey-sur-glace-cest-dans-une-annee-comme-celle-que-lon-vit-quon-apprend-le-plus-assure-nina-paiva-gardienne-de-la-nha-1476178<\/a>)<\/p><p data-start=\"1176\" data-end=\"1294\">Nous sommes fiers de voir Nina mise en avant et de constater que son travail inspire au-del\u00e0 de la glace. Bravo Nina !<\/p>\t\t\t\t\t\t\t\t<\/div>\n\t\t\t\t\t<\/div>\n\t\t\t\t<\/div>\n\t\t<div class=\"elementor-element elementor-element-2b5eaef2 e-flex e-con-boxed wpr-particle-no wpr-jarallax-no wpr-parallax-no wpr-sticky-section-no wpr-equal-height-no e-con e-parent\" data-id=\"2b5eaef2\" data-element_type=\"container\" data-e-type=\"container\">\n\t\t\t\t\t<div class=\"e-con-inner\">\n\t\t\t\t<div class=\"elementor-element elementor-element-3de58555 elementor-widget elementor-widget-heading\" data-id=\"3de58555\" data-element_type=\"widget\" data-e-type=\"widget\" data-widget_type=\"heading.default\">\n\t\t\t\t\t<h2 class=\"elementor-heading-title elementor-size-default\"><a href=\"https:\/\/www.nha.hockey\/index.php\/news-de-la-nha\/\">Nos derni\u00e8res actualit\u00e9s<\/a><\/h2>\t\t\t\t<\/div>\n\t\t\t\t<div class=\"elementor-element elementor-element-7f530452 elementor-widget elementor-widget-wpr-magazine-grid\" data-id=\"7f530452\" data-element_type=\"widget\" data-e-type=\"widget\" data-widget_type=\"wpr-magazine-grid.default\">\n\t\t\t\t\t<div class=\"wpr-magazine-grid-wrap\"  data-slide-effect=\"\"><section class=\"wpr-magazine-grid wpr-mgzn-grid-3-h wpr-mgzn-grid-rows-1\"><article class=\"wpr-mgzn-grid-item elementor-clearfix post-4740 post type-post status-publish format-standard has-post-thumbnail hentry category-actualites-du-club category-pfwl\"><div class=\"wpr-grid-item-inner\"><div class=\"wpr-grid-media-wrap\" data-overlay-link=\"yes\"><div class=\"wpr-grid-image-wrap\" data-src=\"https:\/\/www.nha.hockey\/wp-content\/uploads\/2026\/01\/F9ABA00D-F251-4CE4-A1F1-D7787E582F45_1_201_a-scaled.jpeg\" style=\"background-image: url(https:\/\/www.nha.hockey\/wp-content\/uploads\/2026\/01\/F9ABA00D-F251-4CE4-A1F1-D7787E582F45_1_201_a-scaled.jpeg)\"><\/div><div class=\"wpr-grid-media-hover wpr-animation-wrap\"><div class=\"wpr-grid-media-hover-bg  wpr-overlay-fade-out wpr-anim-size-medium wpr-anim-timing-ease-default wpr-anim-transparency\" data-url=\"https:\/\/www.nha.hockey\/index.php\/2026\/04\/30\/leffectif-2026-2027-est-au-complet\/\"><\/div><div class=\"wpr-grid-media-hover-bottom elementor-clearfix\"><div class=\"wpr-grid-item-category elementor-repeater-item-785d6de wpr-grid-item-display-block wpr-grid-item-align-left wpr-pointer-none wpr-pointer-line-fx wpr-pointer-fx-fade wpr-grid-tax-style-1\"><div class=\"inner-block\"><a class=\" wpr-tax-id-9\" href=\"https:\/\/www.nha.hockey\/index.php\/category\/actualites-du-club\/\">Actualit\u00e9s du Club<span class=\"tax-sep\">, <\/span><\/a><a class=\" wpr-tax-id-1\" href=\"https:\/\/www.nha.hockey\/index.php\/category\/pfwl\/\">PFWL<\/a><\/div><\/div><h2 class=\"wpr-grid-item-title elementor-repeater-item-0922e9d wpr-grid-item-display-block wpr-grid-item-align-left wpr-pointer-none wpr-pointer-line-fx wpr-pointer-fx-fade\"><div class=\"inner-block\"><a  target=\"_self\"  href=\"https:\/\/www.nha.hockey\/index.php\/2026\/04\/30\/leffectif-2026-2027-est-au-complet\/\">L&rsquo;effectif 2026-2027 est au complet\u200b<\/a><\/div><\/h2><div class=\"wpr-grid-item-separator elementor-repeater-item-33d7f2b wpr-grid-item-display-inline wpr-grid-item-align-left wpr-grid-sep-style-1\"><div class=\"inner-block\"><span><\/span><\/div><\/div><div class=\"wpr-grid-item-date elementor-repeater-item-cfefe13 wpr-grid-item-display-inline wpr-grid-item-align-left\"><div class=\"inner-block\"><span>avril 30, 2026<\/span><\/div><\/div><\/div><\/div><\/div><\/div><\/article><article class=\"wpr-mgzn-grid-item elementor-clearfix post-4718 post type-post status-publish format-standard has-post-thumbnail hentry category-actualites-du-club category-pfwl\"><div class=\"wpr-grid-item-inner\"><div class=\"wpr-grid-media-wrap\" data-overlay-link=\"yes\"><div class=\"wpr-grid-image-wrap\" data-src=\"https:\/\/www.nha.hockey\/wp-content\/uploads\/2026\/04\/NV01.jpeg\" style=\"background-image: url(https:\/\/www.nha.hockey\/wp-content\/uploads\/2026\/04\/NV01.jpeg)\"><\/div><div class=\"wpr-grid-media-hover wpr-animation-wrap\"><div class=\"wpr-grid-media-hover-bg  wpr-overlay-fade-out wpr-anim-size-medium wpr-anim-timing-ease-default wpr-anim-transparency\" data-url=\"https:\/\/www.nha.hockey\/index.php\/2026\/04\/30\/les-nouvelles-suissesses-arrivent\/\"><\/div><div class=\"wpr-grid-media-hover-bottom elementor-clearfix\"><div class=\"wpr-grid-item-category elementor-repeater-item-785d6de wpr-grid-item-display-block wpr-grid-item-align-left wpr-pointer-none wpr-pointer-line-fx wpr-pointer-fx-fade wpr-grid-tax-style-1\"><div class=\"inner-block\"><a class=\" wpr-tax-id-9\" href=\"https:\/\/www.nha.hockey\/index.php\/category\/actualites-du-club\/\">Actualit\u00e9s du Club<span class=\"tax-sep\">, <\/span><\/a><a class=\" wpr-tax-id-1\" href=\"https:\/\/www.nha.hockey\/index.php\/category\/pfwl\/\">PFWL<\/a><\/div><\/div><h2 class=\"wpr-grid-item-title elementor-repeater-item-0922e9d wpr-grid-item-display-block wpr-grid-item-align-left wpr-pointer-none wpr-pointer-line-fx wpr-pointer-fx-fade\"><div class=\"inner-block\"><a  target=\"_self\"  href=\"https:\/\/www.nha.hockey\/index.php\/2026\/04\/30\/les-nouvelles-suissesses-arrivent\/\">Les nouvelles Suissesses arrivent<\/a><\/div><\/h2><div class=\"wpr-grid-item-separator elementor-repeater-item-33d7f2b wpr-grid-item-display-inline wpr-grid-item-align-left wpr-grid-sep-style-1\"><div class=\"inner-block\"><span><\/span><\/div><\/div><div class=\"wpr-grid-item-date elementor-repeater-item-cfefe13 wpr-grid-item-display-inline wpr-grid-item-align-left\"><div class=\"inner-block\"><span>avril 30, 2026<\/span><\/div><\/div><\/div><\/div><\/div><\/div><\/article><article class=\"wpr-mgzn-grid-item elementor-clearfix post-4713 post type-post status-publish format-standard has-post-thumbnail hentry category-actualites-du-club category-pfwl\"><div class=\"wpr-grid-item-inner\"><div class=\"wpr-grid-media-wrap\" data-overlay-link=\"yes\"><div class=\"wpr-grid-image-wrap\" data-src=\"https:\/\/www.nha.hockey\/wp-content\/uploads\/2026\/04\/Ines-Berset_NHA.jpg\" style=\"background-image: url(https:\/\/www.nha.hockey\/wp-content\/uploads\/2026\/04\/Ines-Berset_NHA.jpg)\"><\/div><div class=\"wpr-grid-media-hover wpr-animation-wrap\"><div class=\"wpr-grid-media-hover-bg  wpr-overlay-fade-out wpr-anim-size-medium wpr-anim-timing-ease-default wpr-anim-transparency\" data-url=\"https:\/\/www.nha.hockey\/index.php\/2026\/04\/28\/le-socle-est-la-les-suissesses-de-la-nha-rempilent\/\"><\/div><div class=\"wpr-grid-media-hover-bottom elementor-clearfix\"><div class=\"wpr-grid-item-category elementor-repeater-item-785d6de wpr-grid-item-display-block wpr-grid-item-align-left wpr-pointer-none wpr-pointer-line-fx wpr-pointer-fx-fade wpr-grid-tax-style-1\"><div class=\"inner-block\"><a class=\" wpr-tax-id-9\" href=\"https:\/\/www.nha.hockey\/index.php\/category\/actualites-du-club\/\">Actualit\u00e9s du Club<span class=\"tax-sep\">, <\/span><\/a><a class=\" wpr-tax-id-1\" href=\"https:\/\/www.nha.hockey\/index.php\/category\/pfwl\/\">PFWL<\/a><\/div><\/div><h2 class=\"wpr-grid-item-title elementor-repeater-item-0922e9d wpr-grid-item-display-block wpr-grid-item-align-left wpr-pointer-none wpr-pointer-line-fx wpr-pointer-fx-fade\"><div class=\"inner-block\"><a  target=\"_self\"  href=\"https:\/\/www.nha.hockey\/index.php\/2026\/04\/28\/le-socle-est-la-les-suissesses-de-la-nha-rempilent\/\">Le socle est l\u00e0 : les Suissesses de la NHA rempilent\u200b<\/a><\/div><\/h2><div class=\"wpr-grid-item-separator elementor-repeater-item-33d7f2b wpr-grid-item-display-inline wpr-grid-item-align-left wpr-grid-sep-style-1\"><div class=\"inner-block\"><span><\/span><\/div><\/div><div class=\"wpr-grid-item-date elementor-repeater-item-cfefe13 wpr-grid-item-display-inline wpr-grid-item-align-left\"><div class=\"inner-block\"><span>avril 28, 2026<\/span><\/div><\/div><\/div><\/div><\/div><\/div><\/article><\/section><\/div>\t\t\t\t<\/div>\n\t\t\t\t\t<\/div>\n\t\t\t\t<\/div>\n\t\t\t\t<\/div>\n\t\t","protected":false},"excerpt":{"rendered":"<p>La Neuch\u00e2tel Hockey Academy a r\u00e9cemment eu le plaisir de voir l\u2019une de ses joueuses mises \u00e0 l\u2019honneur dans la presse r\u00e9gionale : notre gardienne Nina Paiva fait l\u2019objet d\u2019un bel article dans ArcInfo.<\/p>\n<p>Dans cette interview, Nina revient sur son r\u00f4le crucial au sein de l\u2019\u00e9quipe, les d\u00e9fis d\u2019une saison exigeante et l\u2019\u00e9tat d\u2019esprit n\u00e9cessaire pour progresser au plus haut niveau. Elle partage \u00e9galement sa vision du poste de gardienne, sa fa\u00e7on de g\u00e9rer la pression et ce que repr\u00e9sente pour elle le parcours actuel de la NHA.<\/p>\n","protected":false},"author":4,"featured_media":3275,"comment_status":"closed","ping_status":"closed","sticky":false,"template":"","format":"standard","meta":{"footnotes":""},"categories":[9,1],"tags":[],"class_list":["post-3271","post","type-post","status-publish","format-standard","has-post-thumbnail","hentry","category-actualites-du-club","category-pfwl"],"yoast_head":"<!-- This site is optimized with the Yoast SEO plugin v27.5 - https:\/\/yoast.com\/product\/yoast-seo-wordpress\/ -->\n<title>Nina Paiva mise en lumi\u00e8re dans la presse locale\u200b - NHA | Neuch\u00e2tel Hockey Academy<\/title>\n<meta name=\"description\" content=\"La Neuch\u00e2tel Hockey Academy a r\u00e9cemment eu le plaisir de voir l\u2019une de ses joueuses mises \u00e0 l\u2019honneur dans la presse r\u00e9gionale : notre gardienne Nina Paiva fait l\u2019objet d\u2019un bel article dans ArcInfo.Dans cette interview, Nina revient sur son r\u00f4le crucial au sein de l\u2019\u00e9quipe, les d\u00e9fis d\u2019une saison exigeante et l\u2019\u00e9tat d\u2019esprit n\u00e9cessaire pour progresser au plus haut niveau. Elle partage \u00e9galement sa vision du poste de gardienne, sa fa\u00e7on de g\u00e9rer la pression et ce que repr\u00e9sente pour elle le parcours actuel de la NHA.\" \/>\n<meta name=\"robots\" content=\"index, follow, max-snippet:-1, max-image-preview:large, max-video-preview:-1\" \/>\n<link rel=\"canonical\" href=\"https:\/\/www.nha.hockey\/index.php\/2025\/11\/20\/nina-paiva-mise-en-lumiere-dans-la-presse-locale\/\" \/>\n<meta property=\"og:locale\" content=\"fr_FR\" \/>\n<meta property=\"og:type\" content=\"article\" \/>\n<meta property=\"og:title\" content=\"Nina Paiva mise en lumi\u00e8re dans la presse locale\u200b - NHA | Neuch\u00e2tel Hockey Academy\" \/>\n<meta property=\"og:description\" content=\"La Neuch\u00e2tel Hockey Academy a r\u00e9cemment eu le plaisir de voir l\u2019une de ses joueuses mises \u00e0 l\u2019honneur dans la presse r\u00e9gionale : notre gardienne Nina Paiva fait l\u2019objet d\u2019un bel article dans ArcInfo.Dans cette interview, Nina revient sur son r\u00f4le crucial au sein de l\u2019\u00e9quipe, les d\u00e9fis d\u2019une saison exigeante et l\u2019\u00e9tat d\u2019esprit n\u00e9cessaire pour progresser au plus haut niveau. Elle partage \u00e9galement sa vision du poste de gardienne, sa fa\u00e7on de g\u00e9rer la pression et ce que repr\u00e9sente pour elle le parcours actuel de la NHA.\" \/>\n<meta property=\"og:url\" content=\"https:\/\/www.nha.hockey\/index.php\/2025\/11\/20\/nina-paiva-mise-en-lumiere-dans-la-presse-locale\/\" \/>\n<meta property=\"og:site_name\" content=\"NHA | Neuch\u00e2tel Hockey Academy\" \/>\n<meta property=\"article:publisher\" content=\"https:\/\/www.facebook.com\/neuchatelhockeyacademy?locale=fr_FR\" \/>\n<meta property=\"article:published_time\" content=\"2025-11-20T06:59:36+00:00\" \/>\n<meta property=\"article:modified_time\" content=\"2025-11-20T07:01:43+00:00\" \/>\n<meta property=\"og:image\" content=\"https:\/\/www.nha.hockey\/wp-content\/uploads\/2025\/11\/54883084150_1b2ec32f6b_o.jpg\" \/>\n\t<meta property=\"og:image:width\" content=\"2400\" \/>\n\t<meta property=\"og:image:height\" content=\"1620\" \/>\n\t<meta property=\"og:image:type\" content=\"image\/jpeg\" \/>\n<meta name=\"author\" content=\"Nolwenn\" \/>\n<meta name=\"twitter:card\" content=\"summary_large_image\" \/>\n<meta name=\"twitter:label1\" content=\"\u00c9crit par\" \/>\n\t<meta name=\"twitter:data1\" content=\"Nolwenn\" \/>\n\t<meta name=\"twitter:label2\" content=\"Dur\u00e9e de lecture estim\u00e9e\" \/>\n\t<meta name=\"twitter:data2\" content=\"2 minutes\" \/>\n<script type=\"application\/ld+json\" class=\"yoast-schema-graph\">{\"@context\":\"https:\\\/\\\/schema.org\",\"@graph\":[{\"@type\":\"Article\",\"@id\":\"https:\\\/\\\/www.nha.hockey\\\/index.php\\\/2025\\\/11\\\/20\\\/nina-paiva-mise-en-lumiere-dans-la-presse-locale\\\/#article\",\"isPartOf\":{\"@id\":\"https:\\\/\\\/www.nha.hockey\\\/index.php\\\/2025\\\/11\\\/20\\\/nina-paiva-mise-en-lumiere-dans-la-presse-locale\\\/\"},\"author\":{\"name\":\"Nolwenn\",\"@id\":\"https:\\\/\\\/www.nha.hockey\\\/#\\\/schema\\\/person\\\/7510bb11b0d3facc5267cae41f3cd748\"},\"headline\":\"Nina Paiva mise en lumi\u00e8re dans la presse locale\u200b\",\"datePublished\":\"2025-11-20T06:59:36+00:00\",\"dateModified\":\"2025-11-20T07:01:43+00:00\",\"mainEntityOfPage\":{\"@id\":\"https:\\\/\\\/www.nha.hockey\\\/index.php\\\/2025\\\/11\\\/20\\\/nina-paiva-mise-en-lumiere-dans-la-presse-locale\\\/\"},\"wordCount\":244,\"publisher\":{\"@id\":\"https:\\\/\\\/www.nha.hockey\\\/#organization\"},\"image\":{\"@id\":\"https:\\\/\\\/www.nha.hockey\\\/index.php\\\/2025\\\/11\\\/20\\\/nina-paiva-mise-en-lumiere-dans-la-presse-locale\\\/#primaryimage\"},\"thumbnailUrl\":\"https:\\\/\\\/www.nha.hockey\\\/wp-content\\\/uploads\\\/2025\\\/11\\\/54883084150_1b2ec32f6b_o.jpg\",\"articleSection\":[\"Actualit\u00e9s du Club\",\"PFWL\"],\"inLanguage\":\"fr-FR\"},{\"@type\":\"WebPage\",\"@id\":\"https:\\\/\\\/www.nha.hockey\\\/index.php\\\/2025\\\/11\\\/20\\\/nina-paiva-mise-en-lumiere-dans-la-presse-locale\\\/\",\"url\":\"https:\\\/\\\/www.nha.hockey\\\/index.php\\\/2025\\\/11\\\/20\\\/nina-paiva-mise-en-lumiere-dans-la-presse-locale\\\/\",\"name\":\"Nina Paiva mise en lumi\u00e8re dans la presse locale\u200b - NHA | Neuch\u00e2tel Hockey Academy\",\"isPartOf\":{\"@id\":\"https:\\\/\\\/www.nha.hockey\\\/#website\"},\"primaryImageOfPage\":{\"@id\":\"https:\\\/\\\/www.nha.hockey\\\/index.php\\\/2025\\\/11\\\/20\\\/nina-paiva-mise-en-lumiere-dans-la-presse-locale\\\/#primaryimage\"},\"image\":{\"@id\":\"https:\\\/\\\/www.nha.hockey\\\/index.php\\\/2025\\\/11\\\/20\\\/nina-paiva-mise-en-lumiere-dans-la-presse-locale\\\/#primaryimage\"},\"thumbnailUrl\":\"https:\\\/\\\/www.nha.hockey\\\/wp-content\\\/uploads\\\/2025\\\/11\\\/54883084150_1b2ec32f6b_o.jpg\",\"datePublished\":\"2025-11-20T06:59:36+00:00\",\"dateModified\":\"2025-11-20T07:01:43+00:00\",\"description\":\"La Neuch\u00e2tel Hockey Academy a r\u00e9cemment eu le plaisir de voir l\u2019une de ses joueuses mises \u00e0 l\u2019honneur dans la presse r\u00e9gionale : notre gardienne Nina Paiva fait l\u2019objet d\u2019un bel article dans ArcInfo.Dans cette interview, Nina revient sur son r\u00f4le crucial au sein de l\u2019\u00e9quipe, les d\u00e9fis d\u2019une saison exigeante et l\u2019\u00e9tat d\u2019esprit n\u00e9cessaire pour progresser au plus haut niveau. Elle partage \u00e9galement sa vision du poste de gardienne, sa fa\u00e7on de g\u00e9rer la pression et ce que repr\u00e9sente pour elle le parcours actuel de la NHA.\",\"breadcrumb\":{\"@id\":\"https:\\\/\\\/www.nha.hockey\\\/index.php\\\/2025\\\/11\\\/20\\\/nina-paiva-mise-en-lumiere-dans-la-presse-locale\\\/#breadcrumb\"},\"inLanguage\":\"fr-FR\",\"potentialAction\":[{\"@type\":\"ReadAction\",\"target\":[\"https:\\\/\\\/www.nha.hockey\\\/index.php\\\/2025\\\/11\\\/20\\\/nina-paiva-mise-en-lumiere-dans-la-presse-locale\\\/\"]}]},{\"@type\":\"ImageObject\",\"inLanguage\":\"fr-FR\",\"@id\":\"https:\\\/\\\/www.nha.hockey\\\/index.php\\\/2025\\\/11\\\/20\\\/nina-paiva-mise-en-lumiere-dans-la-presse-locale\\\/#primaryimage\",\"url\":\"https:\\\/\\\/www.nha.hockey\\\/wp-content\\\/uploads\\\/2025\\\/11\\\/54883084150_1b2ec32f6b_o.jpg\",\"contentUrl\":\"https:\\\/\\\/www.nha.hockey\\\/wp-content\\\/uploads\\\/2025\\\/11\\\/54883084150_1b2ec32f6b_o.jpg\",\"width\":2400,\"height\":1620,\"caption\":\"Nina Paiva_Gardienne_PFWL_NHA\"},{\"@type\":\"BreadcrumbList\",\"@id\":\"https:\\\/\\\/www.nha.hockey\\\/index.php\\\/2025\\\/11\\\/20\\\/nina-paiva-mise-en-lumiere-dans-la-presse-locale\\\/#breadcrumb\",\"itemListElement\":[{\"@type\":\"ListItem\",\"position\":1,\"name\":\"Accueil\",\"item\":\"https:\\\/\\\/www.nha.hockey\\\/\"},{\"@type\":\"ListItem\",\"position\":2,\"name\":\"Nina Paiva mise en lumi\u00e8re dans la presse locale\u200b\"}]},{\"@type\":\"WebSite\",\"@id\":\"https:\\\/\\\/www.nha.hockey\\\/#website\",\"url\":\"https:\\\/\\\/www.nha.hockey\\\/\",\"name\":\"NHA | Neuch\u00e2tel Hockey Academy\",\"description\":\"Le hockey sur glace? Un sport de filles!\",\"publisher\":{\"@id\":\"https:\\\/\\\/www.nha.hockey\\\/#organization\"},\"potentialAction\":[{\"@type\":\"SearchAction\",\"target\":{\"@type\":\"EntryPoint\",\"urlTemplate\":\"https:\\\/\\\/www.nha.hockey\\\/?s={search_term_string}\"},\"query-input\":{\"@type\":\"PropertyValueSpecification\",\"valueRequired\":true,\"valueName\":\"search_term_string\"}}],\"inLanguage\":\"fr-FR\"},{\"@type\":\"Organization\",\"@id\":\"https:\\\/\\\/www.nha.hockey\\\/#organization\",\"name\":\"NHA | Neuch\u00e2tel Hockey Academy\",\"url\":\"https:\\\/\\\/www.nha.hockey\\\/\",\"logo\":{\"@type\":\"ImageObject\",\"inLanguage\":\"fr-FR\",\"@id\":\"https:\\\/\\\/www.nha.hockey\\\/#\\\/schema\\\/logo\\\/image\\\/\",\"url\":\"https:\\\/\\\/www.nha.hockey\\\/wp-content\\\/uploads\\\/2025\\\/08\\\/logo_club_bleu.png\",\"contentUrl\":\"https:\\\/\\\/www.nha.hockey\\\/wp-content\\\/uploads\\\/2025\\\/08\\\/logo_club_bleu.png\",\"width\":1081,\"height\":620,\"caption\":\"NHA | Neuch\u00e2tel Hockey Academy\"},\"image\":{\"@id\":\"https:\\\/\\\/www.nha.hockey\\\/#\\\/schema\\\/logo\\\/image\\\/\"},\"sameAs\":[\"https:\\\/\\\/www.facebook.com\\\/neuchatelhockeyacademy?locale=fr_FR\",\"https:\\\/\\\/www.instagram.com\\\/neuchatelhockeyacademy\\\/\"]},{\"@type\":\"Person\",\"@id\":\"https:\\\/\\\/www.nha.hockey\\\/#\\\/schema\\\/person\\\/7510bb11b0d3facc5267cae41f3cd748\",\"name\":\"Nolwenn\",\"image\":{\"@type\":\"ImageObject\",\"inLanguage\":\"fr-FR\",\"@id\":\"https:\\\/\\\/secure.gravatar.com\\\/avatar\\\/4e6ec05caa0f56b9334f1940fc4158a7d98be29aae195fd8dff027e566bd2953?s=96&d=mm&r=g\",\"url\":\"https:\\\/\\\/secure.gravatar.com\\\/avatar\\\/4e6ec05caa0f56b9334f1940fc4158a7d98be29aae195fd8dff027e566bd2953?s=96&d=mm&r=g\",\"contentUrl\":\"https:\\\/\\\/secure.gravatar.com\\\/avatar\\\/4e6ec05caa0f56b9334f1940fc4158a7d98be29aae195fd8dff027e566bd2953?s=96&d=mm&r=g\",\"caption\":\"Nolwenn\"},\"url\":\"https:\\\/\\\/www.nha.hockey\\\/index.php\\\/author\\\/nolwenn\\\/\"}]}<\/script>\n<!-- \/ Yoast SEO plugin. -->","yoast_head_json":{"title":"Nina Paiva mise en lumi\u00e8re dans la presse locale\u200b - NHA | Neuch\u00e2tel Hockey Academy","description":"La Neuch\u00e2tel Hockey Academy a r\u00e9cemment eu le plaisir de voir l\u2019une de ses joueuses mises \u00e0 l\u2019honneur dans la presse r\u00e9gionale : notre gardienne Nina Paiva fait l\u2019objet d\u2019un bel article dans ArcInfo.Dans cette interview, Nina revient sur son r\u00f4le crucial au sein de l\u2019\u00e9quipe, les d\u00e9fis d\u2019une saison exigeante et l\u2019\u00e9tat d\u2019esprit n\u00e9cessaire pour progresser au plus haut niveau. Elle partage \u00e9galement sa vision du poste de gardienne, sa fa\u00e7on de g\u00e9rer la pression et ce que repr\u00e9sente pour elle le parcours actuel de la NHA.","robots":{"index":"index","follow":"follow","max-snippet":"max-snippet:-1","max-image-preview":"max-image-preview:large","max-video-preview":"max-video-preview:-1"},"canonical":"https:\/\/www.nha.hockey\/index.php\/2025\/11\/20\/nina-paiva-mise-en-lumiere-dans-la-presse-locale\/","og_locale":"fr_FR","og_type":"article","og_title":"Nina Paiva mise en lumi\u00e8re dans la presse locale\u200b - NHA | Neuch\u00e2tel Hockey Academy","og_description":"La Neuch\u00e2tel Hockey Academy a r\u00e9cemment eu le plaisir de voir l\u2019une de ses joueuses mises \u00e0 l\u2019honneur dans la presse r\u00e9gionale : notre gardienne Nina Paiva fait l\u2019objet d\u2019un bel article dans ArcInfo.Dans cette interview, Nina revient sur son r\u00f4le crucial au sein de l\u2019\u00e9quipe, les d\u00e9fis d\u2019une saison exigeante et l\u2019\u00e9tat d\u2019esprit n\u00e9cessaire pour progresser au plus haut niveau. Elle partage \u00e9galement sa vision du poste de gardienne, sa fa\u00e7on de g\u00e9rer la pression et ce que repr\u00e9sente pour elle le parcours actuel de la NHA.","og_url":"https:\/\/www.nha.hockey\/index.php\/2025\/11\/20\/nina-paiva-mise-en-lumiere-dans-la-presse-locale\/","og_site_name":"NHA | Neuch\u00e2tel Hockey Academy","article_publisher":"https:\/\/www.facebook.com\/neuchatelhockeyacademy?locale=fr_FR","article_published_time":"2025-11-20T06:59:36+00:00","article_modified_time":"2025-11-20T07:01:43+00:00","og_image":[{"width":2400,"height":1620,"url":"https:\/\/www.nha.hockey\/wp-content\/uploads\/2025\/11\/54883084150_1b2ec32f6b_o.jpg","type":"image\/jpeg"}],"author":"Nolwenn","twitter_card":"summary_large_image","twitter_misc":{"\u00c9crit par":"Nolwenn","Dur\u00e9e de lecture estim\u00e9e":"2 minutes"},"schema":{"@context":"https:\/\/schema.org","@graph":[{"@type":"Article","@id":"https:\/\/www.nha.hockey\/index.php\/2025\/11\/20\/nina-paiva-mise-en-lumiere-dans-la-presse-locale\/#article","isPartOf":{"@id":"https:\/\/www.nha.hockey\/index.php\/2025\/11\/20\/nina-paiva-mise-en-lumiere-dans-la-presse-locale\/"},"author":{"name":"Nolwenn","@id":"https:\/\/www.nha.hockey\/#\/schema\/person\/7510bb11b0d3facc5267cae41f3cd748"},"headline":"Nina Paiva mise en lumi\u00e8re dans la presse locale\u200b","datePublished":"2025-11-20T06:59:36+00:00","dateModified":"2025-11-20T07:01:43+00:00","mainEntityOfPage":{"@id":"https:\/\/www.nha.hockey\/index.php\/2025\/11\/20\/nina-paiva-mise-en-lumiere-dans-la-presse-locale\/"},"wordCount":244,"publisher":{"@id":"https:\/\/www.nha.hockey\/#organization"},"image":{"@id":"https:\/\/www.nha.hockey\/index.php\/2025\/11\/20\/nina-paiva-mise-en-lumiere-dans-la-presse-locale\/#primaryimage"},"thumbnailUrl":"https:\/\/www.nha.hockey\/wp-content\/uploads\/2025\/11\/54883084150_1b2ec32f6b_o.jpg","articleSection":["Actualit\u00e9s du Club","PFWL"],"inLanguage":"fr-FR"},{"@type":"WebPage","@id":"https:\/\/www.nha.hockey\/index.php\/2025\/11\/20\/nina-paiva-mise-en-lumiere-dans-la-presse-locale\/","url":"https:\/\/www.nha.hockey\/index.php\/2025\/11\/20\/nina-paiva-mise-en-lumiere-dans-la-presse-locale\/","name":"Nina Paiva mise en lumi\u00e8re dans la presse locale\u200b - NHA | Neuch\u00e2tel Hockey Academy","isPartOf":{"@id":"https:\/\/www.nha.hockey\/#website"},"primaryImageOfPage":{"@id":"https:\/\/www.nha.hockey\/index.php\/2025\/11\/20\/nina-paiva-mise-en-lumiere-dans-la-presse-locale\/#primaryimage"},"image":{"@id":"https:\/\/www.nha.hockey\/index.php\/2025\/11\/20\/nina-paiva-mise-en-lumiere-dans-la-presse-locale\/#primaryimage"},"thumbnailUrl":"https:\/\/www.nha.hockey\/wp-content\/uploads\/2025\/11\/54883084150_1b2ec32f6b_o.jpg","datePublished":"2025-11-20T06:59:36+00:00","dateModified":"2025-11-20T07:01:43+00:00","description":"La Neuch\u00e2tel Hockey Academy a r\u00e9cemment eu le plaisir de voir l\u2019une de ses joueuses mises \u00e0 l\u2019honneur dans la presse r\u00e9gionale : notre gardienne Nina Paiva fait l\u2019objet d\u2019un bel article dans ArcInfo.Dans cette interview, Nina revient sur son r\u00f4le crucial au sein de l\u2019\u00e9quipe, les d\u00e9fis d\u2019une saison exigeante et l\u2019\u00e9tat d\u2019esprit n\u00e9cessaire pour progresser au plus haut niveau. Elle partage \u00e9galement sa vision du poste de gardienne, sa fa\u00e7on de g\u00e9rer la pression et ce que repr\u00e9sente pour elle le parcours actuel de la NHA.","breadcrumb":{"@id":"https:\/\/www.nha.hockey\/index.php\/2025\/11\/20\/nina-paiva-mise-en-lumiere-dans-la-presse-locale\/#breadcrumb"},"inLanguage":"fr-FR","potentialAction":[{"@type":"ReadAction","target":["https:\/\/www.nha.hockey\/index.php\/2025\/11\/20\/nina-paiva-mise-en-lumiere-dans-la-presse-locale\/"]}]},{"@type":"ImageObject","inLanguage":"fr-FR","@id":"https:\/\/www.nha.hockey\/index.php\/2025\/11\/20\/nina-paiva-mise-en-lumiere-dans-la-presse-locale\/#primaryimage","url":"https:\/\/www.nha.hockey\/wp-content\/uploads\/2025\/11\/54883084150_1b2ec32f6b_o.jpg","contentUrl":"https:\/\/www.nha.hockey\/wp-content\/uploads\/2025\/11\/54883084150_1b2ec32f6b_o.jpg","width":2400,"height":1620,"caption":"Nina Paiva_Gardienne_PFWL_NHA"},{"@type":"BreadcrumbList","@id":"https:\/\/www.nha.hockey\/index.php\/2025\/11\/20\/nina-paiva-mise-en-lumiere-dans-la-presse-locale\/#breadcrumb","itemListElement":[{"@type":"ListItem","position":1,"name":"Accueil","item":"https:\/\/www.nha.hockey\/"},{"@type":"ListItem","position":2,"name":"Nina Paiva mise en lumi\u00e8re dans la presse locale\u200b"}]},{"@type":"WebSite","@id":"https:\/\/www.nha.hockey\/#website","url":"https:\/\/www.nha.hockey\/","name":"NHA | Neuch\u00e2tel Hockey Academy","description":"Le hockey sur glace? Un sport de filles!","publisher":{"@id":"https:\/\/www.nha.hockey\/#organization"},"potentialAction":[{"@type":"SearchAction","target":{"@type":"EntryPoint","urlTemplate":"https:\/\/www.nha.hockey\/?s={search_term_string}"},"query-input":{"@type":"PropertyValueSpecification","valueRequired":true,"valueName":"search_term_string"}}],"inLanguage":"fr-FR"},{"@type":"Organization","@id":"https:\/\/www.nha.hockey\/#organization","name":"NHA | Neuch\u00e2tel Hockey Academy","url":"https:\/\/www.nha.hockey\/","logo":{"@type":"ImageObject","inLanguage":"fr-FR","@id":"https:\/\/www.nha.hockey\/#\/schema\/logo\/image\/","url":"https:\/\/www.nha.hockey\/wp-content\/uploads\/2025\/08\/logo_club_bleu.png","contentUrl":"https:\/\/www.nha.hockey\/wp-content\/uploads\/2025\/08\/logo_club_bleu.png","width":1081,"height":620,"caption":"NHA | Neuch\u00e2tel Hockey Academy"},"image":{"@id":"https:\/\/www.nha.hockey\/#\/schema\/logo\/image\/"},"sameAs":["https:\/\/www.facebook.com\/neuchatelhockeyacademy?locale=fr_FR","https:\/\/www.instagram.com\/neuchatelhockeyacademy\/"]},{"@type":"Person","@id":"https:\/\/www.nha.hockey\/#\/schema\/person\/7510bb11b0d3facc5267cae41f3cd748","name":"Nolwenn","image":{"@type":"ImageObject","inLanguage":"fr-FR","@id":"https:\/\/secure.gravatar.com\/avatar\/4e6ec05caa0f56b9334f1940fc4158a7d98be29aae195fd8dff027e566bd2953?s=96&d=mm&r=g","url":"https:\/\/secure.gravatar.com\/avatar\/4e6ec05caa0f56b9334f1940fc4158a7d98be29aae195fd8dff027e566bd2953?s=96&d=mm&r=g","contentUrl":"https:\/\/secure.gravatar.com\/avatar\/4e6ec05caa0f56b9334f1940fc4158a7d98be29aae195fd8dff027e566bd2953?s=96&d=mm&r=g","caption":"Nolwenn"},"url":"https:\/\/www.nha.hockey\/index.php\/author\/nolwenn\/"}]}},"_links":{"self":[{"href":"https:\/\/www.nha.hockey\/index.php\/wp-json\/wp\/v2\/posts\/3271","targetHints":{"allow":["GET"]}}],"collection":[{"href":"https:\/\/www.nha.hockey\/index.php\/wp-json\/wp\/v2\/posts"}],"about":[{"href":"https:\/\/www.nha.hockey\/index.php\/wp-json\/wp\/v2\/types\/post"}],"author":[{"embeddable":true,"href":"https:\/\/www.nha.hockey\/index.php\/wp-json\/wp\/v2\/users\/4"}],"replies":[{"embeddable":true,"href":"https:\/\/www.nha.hockey\/index.php\/wp-json\/wp\/v2\/comments?post=3271"}],"version-history":[{"count":4,"href":"https:\/\/www.nha.hockey\/index.php\/wp-json\/wp\/v2\/posts\/3271\/revisions"}],"predecessor-version":[{"id":3278,"href":"https:\/\/www.nha.hockey\/index.php\/wp-json\/wp\/v2\/posts\/3271\/revisions\/3278"}],"wp:featuredmedia":[{"embeddable":true,"href":"https:\/\/www.nha.hockey\/index.php\/wp-json\/wp\/v2\/media\/3275"}],"wp:attachment":[{"href":"https:\/\/www.nha.hockey\/index.php\/wp-json\/wp\/v2\/media?parent=3271"}],"wp:term":[{"taxonomy":"category","embeddable":true,"href":"https:\/\/www.nha.hockey\/index.php\/wp-json\/wp\/v2\/categories?post=3271"},{"taxonomy":"post_tag","embeddable":true,"href":"https:\/\/www.nha.hockey\/index.php\/wp-json\/wp\/v2\/tags?post=3271"}],"curies":[{"name":"wp","href":"https:\/\/api.w.org\/{rel}","templated":true}]}}